{"id":3331,"__str__":"Projeto de Lei Ordin\u00e1ria n\u00ba 62 de 2011","link_detail_backend":"/materia/3331","metadata":{},"numero":62,"ano":2011,"numero_protocolo":null,"data_apresentacao":"2011-06-20","tipo_apresentacao":"E","data_publicacao":null,"numero_origem_externa":"","ano_origem_externa":null,"data_origem_externa":null,"apelido":"","dias_prazo":null,"data_fim_prazo":null,"em_tramitacao":false,"polemica":false,"objeto":"","complementar":false,"ementa":"ALTERA A CODIFICA\u00c7\u00c3O DA FUNCIONAL PROGRAM\u00c1TICA DA PLANILHA CONSTANTE DO ARTIGO 1\u00ba, DA LEI N\u00ba 967, DE 10 DE JUNHO DE 2011","indexacao":"ALTERA LEI 967/2011, ALTERA OR\u00c7AMENTO, CR\u00c9DITO ADICIONAL","observacao":"proc cmb 550/2011","resultado":"","texto_original":null,"data_ultima_atualizacao":"2018-12-19T15:19:11.857238-02:00","ip":"","ultima_edicao":null,"tipo":1,"regime_tramitacao":1,"tipo_origem_externa":1,"local_origem_externa":1,"user":null,"anexadas":[],"autores":[37]}