{"id":19690,"__str__":"Projeto de Lei Ordin\u00e1ria n\u00ba 3 de 2024","link_detail_backend":"/materia/19690","metadata":{},"numero":3,"ano":2024,"numero_protocolo":null,"data_apresentacao":"2024-02-16","tipo_apresentacao":"E","data_publicacao":null,"numero_origem_externa":"","ano_origem_externa":null,"data_origem_externa":null,"apelido":"","dias_prazo":null,"data_fim_prazo":null,"em_tramitacao":false,"polemica":false,"objeto":"","complementar":false,"ementa":"INSTITUI NO CALEND\u00c1RIO OFICIAL DE EVENTOS DO MUNIC\u00cdPIO DE BERTIOGA O DIA DO PROFISSIONAL DE EDUCA\u00c7\u00c3O F\u00cdSICA E A SEMANA MUNICIPAL DE EDUCA\u00c7\u00c3O F\u00cdSICA, NOS TERMOS QUE ESPECIFICA","indexacao":"","observacao":"PROC CMB 077/2024","resultado":"","texto_original":"http://sapl.bertioga.sp.leg.br/media/sapl/public/materialegislativa/2024/19690/pl_003-24.pdf","data_ultima_atualizacao":"2025-01-21T17:03:57.327057-03:00","ip":"200.100.102.100","ultima_edicao":"2025-01-21T17:03:57.054480-03:00","tipo":1,"regime_tramitacao":1,"tipo_origem_externa":null,"local_origem_externa":null,"user":63,"anexadas":[],"autores":[76]}