{"id":16962,"__str__":"Projeto de Lei Ordin\u00e1ria n\u00ba 15 de 2018","link_detail_backend":"/materia/16962","metadata":{},"numero":15,"ano":2018,"numero_protocolo":null,"data_apresentacao":"2018-05-04","tipo_apresentacao":"E","data_publicacao":null,"numero_origem_externa":"","ano_origem_externa":null,"data_origem_externa":null,"apelido":"","dias_prazo":null,"data_fim_prazo":null,"em_tramitacao":false,"polemica":false,"objeto":"","complementar":false,"ementa":"DENOMINA COMO PRA\u00c7A PERSIO DIAS PINTO A ANTIGA PRA\u00c7A DA PRIMAVERA, NO BAIRRO JARDIM RIO DA PRAIA","indexacao":"PRA\u00c7A DA PRIMAVERA, EMANCIPADOR P\u00c9RSIO, EMANCIPA\u00c7\u00c3O, RIO DA PRAIA, SESC","observacao":"proc cmb 211/2018","resultado":"","texto_original":"http://sapl.bertioga.sp.leg.br/media/sapl/public/materialegislativa/2018/16962/16962_texto_integral.pdf","data_ultima_atualizacao":"2018-12-19T15:19:53.442099-02:00","ip":"","ultima_edicao":null,"tipo":1,"regime_tramitacao":2,"tipo_origem_externa":null,"local_origem_externa":null,"user":null,"anexadas":[],"autores":[77,1,78,79,62,80,23,49]}