{"id":6322,"__str__":"Autoria: Pac\u00edfico J\u00fanior - Indica\u00e7\u00e3o n\u00ba 431 de 2013","link_detail_backend":"/materia/autoria/6322","metadata":{},"primeiro_autor":true,"autor":48,"materia":5531}