{"id":16,"__str__":"Audi\u00eancia P\u00fablica Or\u00e7amento e Finan\u00e7as - 1\u00ba Quadrimestre","link_detail_backend":"/audiencia/16","metadata":{},"numero":5,"ano":2023,"nome":"Audi\u00eancia P\u00fablica Or\u00e7amento e Finan\u00e7as - 1\u00ba Quadrimestre","tema":"Presta\u00e7\u00e3o de Contas da Secretaria de Finan\u00e7as -  1\u00b0 Quadrimestre","data":"2023-05-29","hora_inicio":"18:00","hora_fim":"","observacao":"","audiencia_cancelada":false,"url_audio":"","url_video":"https://www.facebook.com/camarabertioga/videos/6125824467487287","upload_pauta":null,"upload_ata":null,"upload_anexo":null,"materia":null,"tipo":1,"parlamentar_autor":null,"requerimento":null}